{"id":7538,"date":"2021-06-24T11:03:35","date_gmt":"2021-06-24T08:03:35","guid":{"rendered":"https:\/\/altin-kulucka.com\/blog\/otomatik-taslak\/"},"modified":"2025-07-28T10:12:25","modified_gmt":"2025-07-28T07:12:25","slug":"evcil-kuslarin-ani-olum-nedenleri","status":"publish","type":"post","link":"https:\/\/altin-kulucka.com\/blog\/evcil-kuslarin-ani-olum-nedenleri\/","title":{"rendered":"Evcil ku\u015flar\u0131n ani \u00f6l\u00fcm nedenleri"},"content":{"rendered":"<h2><span style=\"font-size: 24pt; color: #ff6600;\"><strong>Ku\u015flar\u0131n ani telef olma nedenleri :<\/strong><\/span><\/h2>\n<p><span style=\"font-weight: 400;\">Ku\u015flar son derece hassas canl\u0131lar olmaktad\u0131r ve e\u011fer onlar i\u00e7in uygun ko\u015fullar sa\u011flanmaz ise k\u0131sa s\u00fcrede hasta olup ve telef olmalar\u0131 m\u00fcmk\u00fcn olmaktad\u0131r. E\u011fer ku\u015flar\u0131n\u0131z\u0131n ani olarak telef olmalar\u0131 ile alakal\u0131 akl\u0131n\u0131zda sorular varsa, bu yaz\u0131m\u0131z okuman\u0131z\u0131 tavsiye ederiz.\u00a0<\/span><\/p>\n<p><span style=\"font-weight: 400;\">B\u00f6ylece ku\u015flar\u0131n\u0131z\u0131 tehdit eden tehlikeler hakk\u0131nda bilgiye sahip olabilirsiniz. Ve bu t\u00fcr durumlarda ku\u015flar\u0131n\u0131z\u0131 kurtarabilirsiniz. \u00c7\u00fcnk\u00fc bazen hi\u00e7 akl\u0131n\u0131za gelmeyen basit sorunlar ku\u015flar\u0131n telef olmas\u0131na neden olur , \u00f6rnek olarak ku\u015funuzun bulundu\u011fu odada deodorant ve parf\u00fcm kullanmak veya ku\u015fun kafesinde bulunan sulu\u011fun, borusunun t\u0131kanmas\u0131 gibi konular ku\u015fun telef olmas\u0131na yol a\u00e7abilir.\u00a0<\/span><\/p>\n<div class=\"alert alert-info\" role=\"alert\">\ud83d\udc41\u200d\ud83d\udde8<strong> NOT :<\/strong> muhabbet ku\u015flar\u0131 evcil ku\u015flar aras\u0131nda dayan\u0131kl\u0131 ku\u015flar olmaktad\u0131rlar. ve bu y\u00fczden genel olarak bir \u00e7ok ki\u015fi taraf\u0131ndan tercih edilmektedir. ama bu ku\u015flar\u0131n ise bak\u0131ma ve ilgilenmeye ihtiya\u00e7lar\u0131 vard\u0131r. ve bu y\u00fczden \ud83d\udc49<strong>\u00a0<a href=\"https:\/\/altin-kulucka.com\/blog\/category\/muhabbet-kusu\/\">Muhabbet ku\u015fu yeti\u015ftiricili\u011fi<\/a><\/strong> hakk\u0131nda detaylar\u0131 payla\u015fmaktay\u0131z.<\/div>\n<h3><span style=\"font-size: 18pt; color: #ff6600;\"><strong>Ku\u015flar\u0131n sa\u011fl\u0131\u011f\u0131 ile alakal\u0131 uyar\u0131lar\u0131 ciddiye al\u0131n !<\/strong><\/span><\/h3>\n<p><span style=\"font-weight: 400;\">Ku\u015flar\u0131n telef olmas\u0131 ile alakal\u0131 yazmadan \u00f6nce belirtileri ile alakal\u0131 bilgiler payla\u015fmaya \u00e7al\u0131\u015ft\u0131k, ilk ba\u015ftada s\u00f6yledi\u011fimiz gibi ku\u015flar son derece hassas ku\u015flar olmaktad\u0131rlar. Ve e\u011fer sa\u011fl\u0131klar\u0131nda bir problem varsa davran\u0131\u015flar\u0131nda ve v\u00fccutlar\u0131nda baz\u0131 belirtiler ortaya \u00e7\u0131kar.\u00a0 <\/span><span style=\"font-weight: 400;\">Bu belirtilerin ortaya \u00e7\u0131kmas\u0131nda en fazla 48 saat tedavisine ba\u015flamak i\u00e7in zaman vard\u0131r ve e\u011fer ge\u00e7 olursa, ku\u015fun telef olmas\u0131 ka\u00e7\u0131n\u0131lmaz olmaktad\u0131r.\u00a0<\/span><\/p>\n<p><img loading=\"lazy\" decoding=\"async\" class=\"size-full wp-image-7540 aligncenter\" src=\"https:\/\/altin-kulucka.com\/wp-content\/uploads\/2021\/06\/Kuslarin-sagligi-ile-alakali-uyarilari-ciddiye-alin.jpg\" alt=\"Ku\u015flar\u0131n sa\u011fl\u0131\u011f\u0131 ile alakal\u0131 uyar\u0131lar\u0131 ciddiye al\u0131n\" width=\"600\" height=\"400\" srcset=\"https:\/\/altin-kulucka.com\/blog\/wp-content\/uploads\/2021\/06\/Kuslarin-sagligi-ile-alakali-uyarilari-ciddiye-alin.jpg 600w, https:\/\/altin-kulucka.com\/blog\/wp-content\/uploads\/2021\/06\/Kuslarin-sagligi-ile-alakali-uyarilari-ciddiye-alin-300x200.jpg 300w, https:\/\/altin-kulucka.com\/blog\/wp-content\/uploads\/2021\/06\/Kuslarin-sagligi-ile-alakali-uyarilari-ciddiye-alin-370x247.jpg 370w\" sizes=\"auto, (max-width: 600px) 100vw, 600px\" \/><\/p>\n<p><span style=\"font-weight: 400;\">Asl\u0131nda bu hastal\u0131k t\u00fcr\u00fcne ba\u011fl\u0131 olarak ise de\u011fi\u015fmektedir. Ama genel olarak hastal\u0131klar\u0131n n\u00fcks etmesi ve ge\u00e7 olarak tedaviye ba\u015flanmas\u0131 telef olmalara neden olmaktad\u0131r. E\u011fer zaman\u0131nda m\u00fcdahale ederseniz, hastal\u0131k ilerlemeden kontrol edebilirsiniz. Bu y\u00fczden ilk 48 saat \u00f6nemli olmaktad\u0131r.\u00a0<\/span><\/p>\n<p><strong>\ud83d\udc41\u200d\ud83d\udde8 NOT :<\/strong> bir di\u011fer makalemizde <a href=\"https:\/\/altin-kulucka.com\/blog\/kugu-yetistiriciligi-ve-uremesi\/\"><strong>Ku\u011fu yeti\u015ftiricili\u011fi ve \u00fcremesi<\/strong><\/a> ile ilgili temel bilgiler payla\u015f\u0131lmaktad\u0131r. ve e\u011fer su ku\u015flar\u0131 ve \u00f6zelliklede ku\u011fu yeti\u015ftirme konusu ile ilgileniyosan\u0131z makalemizi okuman\u0131z\u0131 tavsiye ederiz.<\/p>\n<p><span style=\"font-weight: 400;\">Genel olarak evcil ku\u015flarda hastal\u0131klar\u0131n belirtileri a\u015fa\u011f\u0131dakilerden ibaret olmaktad\u0131r :<\/span><\/p>\n<ul>\n<li style=\"font-weight: 400;\" aria-level=\"1\"><span style=\"font-weight: 400;\">Halsizlik\u00a0<\/span><\/li>\n<li style=\"font-weight: 400;\" aria-level=\"1\"><span style=\"font-weight: 400;\">\u0130\u015ftahs\u0131zl\u0131k ve yetersiz beslenme\u00a0<\/span><\/li>\n<li style=\"font-weight: 400;\" aria-level=\"1\"><span style=\"font-weight: 400;\">S\u0131k idrar yapmas\u0131<\/span><\/li>\n<li style=\"font-weight: 400;\" aria-level=\"1\"><span style=\"font-weight: 400;\">Ta\u015fl\u0131\u011f\u0131n bo\u015faltmas\u0131nda gecikme\u00a0<\/span><\/li>\n<li style=\"font-weight: 400;\" aria-level=\"1\"><span style=\"font-weight: 400;\">Cilt alt\u0131nda kanamalar\u00a0<\/span><\/li>\n<li style=\"font-weight: 400;\" aria-level=\"1\"><span style=\"font-weight: 400;\">Tamamen veya yar\u0131 olarak ku\u015flar\u0131n fel\u00e7 olmas\u0131\u00a0<\/span><\/li>\n<\/ul>\n<p><span style=\"font-weight: 400;\">Bu belirtiler genel olarak t\u00fcm s\u00fcs ku\u015flar\u0131nda sabit olmaktad\u0131r. Ve ku\u015flar\u0131n sa\u011fl\u0131klar\u0131 ile alakal\u0131 bir problem oldu\u011funun alarm\u0131 olmaktad\u0131r. Dikkate al\u0131nmas\u0131 gerekmektedir.\u00a0 <\/span><span style=\"font-weight: 400;\">Baz\u0131 yeti\u015fkin ku\u015flarda hastal\u0131k belirtileri olmasada bazen ta\u015f\u0131y\u0131c\u0131 olabilirler. \u00d6rnek olarak muhabbet ku\u015flar\u0131 hasta olduklar\u0131 zaman hasta olduklar\u0131n\u0131 gizlemeye \u00e7al\u0131\u015f\u0131rlar. \u00c7\u00fcnk\u00fc di\u011fer ku\u015flar\u0131n bu durumu anlamar\u0131n\u0131 istemezler.<\/span><\/p>\n<div class=\"alert alert-info\" role=\"alert\">\ud83d\udc41\u200d\ud83d\udde8<strong> NOT :<\/strong> bu payla\u015f\u0131lanlar sadece muhabbet ku\u015flar\u0131 i\u00e7in de\u011fildir ve t\u00fcm evcil ku\u015flar ile ilgili olmaktad\u0131r. hatta <strong><a href=\"https:\/\/altin-kulucka.com\/blog\/evde-jako-papagan-beslemek-icin-gereken-kosullar\/\">Evde jako papa\u011fan beslemek i\u00e7in gereken ko\u015fullar<\/a><\/strong> hakk\u0131nda ise detayl\u0131 bir makale payla\u015f\u0131lmaktad\u0131r. ve okuman\u0131zda fayda var.<\/div>\n<h4><span style=\"color: #ff6600; font-size: 18pt;\"><strong>Zararl\u0131 gazlar veya yiyecekler ile zehirlenme :<\/strong><\/span><\/h4>\n<p><span style=\"font-weight: 400;\">Zehirlenme ku\u015flarda s\u0131k olarak ortaya \u00e7\u0131kan bir sorun olmaktad\u0131r. Bu zehirlenme sadece karbondioksit gibi gazlar\u0131n solunumu ile ortaya \u00e7\u0131kmaz.<\/span><\/p>\n<p><strong>Ku\u015flar i\u00e7in zararl\u0131 olan gazlar a\u015fa\u011f\u0131dakilerden ibaret olmaktad\u0131r :<\/strong><\/p>\n<p><span style=\"font-weight: 400;\">Mutfakta kullan\u0131lan teflon veya tencereden \u00e7\u0131kan buhar, kokulu mumlardan \u00e7\u0131kan gazlar ve kokular, eski ocak f\u0131r\u0131nlar\u0131n \u0131s\u0131nmas\u0131ndan \u00e7\u0131kan gazlar, veya do\u011fal gaz ka\u00e7a\u011f\u0131 en az miktarda bile ku\u015flar\u0131n hasta olmas\u0131 ve hatta telef olmas\u0131na neden olabilir.\u00a0<\/span><\/p>\n<p><img loading=\"lazy\" decoding=\"async\" class=\"size-full wp-image-7542 aligncenter\" src=\"https:\/\/altin-kulucka.com\/wp-content\/uploads\/2021\/06\/Zararli-gazlar-veya-yiyecekler-ile-zehirlenme.jpg\" alt=\"Zararl\u0131 gazlar veya yiyecekler ile zehirlenme\" width=\"600\" height=\"400\" srcset=\"https:\/\/altin-kulucka.com\/blog\/wp-content\/uploads\/2021\/06\/Zararli-gazlar-veya-yiyecekler-ile-zehirlenme.jpg 600w, https:\/\/altin-kulucka.com\/blog\/wp-content\/uploads\/2021\/06\/Zararli-gazlar-veya-yiyecekler-ile-zehirlenme-300x200.jpg 300w, https:\/\/altin-kulucka.com\/blog\/wp-content\/uploads\/2021\/06\/Zararli-gazlar-veya-yiyecekler-ile-zehirlenme-370x247.jpg 370w\" sizes=\"auto, (max-width: 600px) 100vw, 600px\" \/><\/p>\n<p><span style=\"font-weight: 400;\">Bu y\u00fczden her zaman tavsiyemiz ku\u015flar\u0131n kesinlikle ve kesinlikle mutfakta olmas\u0131 veya mutfa\u011fa yak\u0131n olmamas\u0131 gerekmektedir. Ve kafeslerinin mutfaktan uzak bir yerde olmas\u0131 gerekmektedir.\u00a0<\/span><\/p>\n<h4><span style=\"font-size: 18pt; color: #ff6600;\"><strong>Dezenfektanlar ve ku\u015flar i\u00e7in tehlikesi :<\/strong><\/span><\/h4>\n<p><span style=\"font-weight: 400;\">Y\u00fczeyleri dezenfekte etmek i\u00e7in kulland\u0131\u011f\u0131n\u0131z dezenfektanlar, ku\u015flar i\u00e7in olduk\u00e7a zararl\u0131 olmaktad\u0131r. \u00c7\u00fcnk\u00fc ku\u015flar\u0131n solunum sistemleri olduk\u00e7a hassas olmaktad\u0131r. Ve bu y\u00fczden evde bu t\u00fcr maddeler ile temizlik yapmadan ku\u015funuzu uzak tutman\u0131z ve yerini bir s\u00fcre de\u011fi\u015ftirmeniz gerekmektedir. \u00c7\u00fcnk\u00fc evlerde genel olarak ku\u015flar\u0131n solunum hastal\u0131klar\u0131 nedeniyle telef olmas\u0131 bu gazlar y\u00fcz\u00fcnden olmaktad\u0131r.\u00a0<\/span><\/p>\n<h4><span style=\"font-size: 18pt; color: #ff6600;\"><strong>Sigara ve nargile duman\u0131 :<\/strong><\/span><\/h4>\n<p><span style=\"font-weight: 400;\">Sahipleri sigara i\u00e7en ku\u015flarda genel olarak zehirlenme olas\u0131l\u0131\u011f\u0131 y\u00fcksek olmaktad\u0131r. Ve sigara ba\u011f\u0131ml\u0131s\u0131 olan ki\u015filerde genel olarak evcil ku\u015flar\u0131n \u00f6mr\u00fc k\u0131sa olmaktad\u0131r.\u00a0<\/span><\/p>\n<div class=\"alert alert-info\" role=\"alert\">\ud83d\udc41\u200d\ud83d\udde8 <strong>NOT :<\/strong> ku\u015flar\u0131n \u00fcremesi ile alakal\u0131 detayl\u0131 bilgiler uzmanlar\u0131m\u0131z taraf\u0131ndan payla\u015f\u0131lmaktad\u0131r. ama en \u00e7oktercih edilen evcil ku\u015flardan yani <a href=\"https:\/\/altin-kulucka.com\/blog\/sultan-papagani-kuluckasi-ve-kosullari\/\"><strong>sultan papa\u011fan\u0131 kulu\u00e7kas\u0131 ve ko\u015fullar\u0131<\/strong><\/a> hakk\u0131nda ise bir payla\u015f\u0131m yap\u0131lmaktad\u0131r. ve okuman\u0131z\u0131 tavsiye ederiz.<\/div>\n<h4><span style=\"font-size: 18pt; color: #ff6600;\"><strong>E\u015fyalar ve nesneleri kemirmek :<\/strong><\/span><\/h4>\n<p><span style=\"font-weight: 400;\">Bu \u00f6zelliklede papa\u011fan t\u00fcrlerinde s\u0131k olarak g\u00f6r\u00fcnen bir konu olmaktad\u0131r. \u00c7\u00fcnk\u00fc bu ku\u015flar e\u015fyalar\u0131 kemirerek denemeyi seven ku\u015flar olmaktad\u0131rlar. \u00d6zelliklede boyal\u0131 olan e\u015fyalar\u0131n kemirilmesi bu ku\u015flar\u0131n hasta olmas\u0131na neden olmaktad\u0131r.\u00a0<\/span><\/p>\n<p><span style=\"font-weight: 400;\">Bu ku\u015flar genelde kablolar, veya plazma kumandas\u0131n\u0131n tu\u015flar\u0131n\u0131 veya boyal\u0131 ah\u015fap ev e\u015fyas\u0131n\u0131 kemirerek, zehirlenebilirler. Bu y\u00fczden dikkatli olman\u0131z gerekmektedir.\u00a0 <\/span><span style=\"font-weight: 400;\">Baz\u0131 metallerin ise kemirilmesi \u00f6zelliklede papa\u011fanlarda hastal\u0131klara neden olmaktad\u0131r. \u00d6zelliklede aynalar\u0131n arkas\u0131 i\u00e7in kullan\u0131lan Merk\u00fcr kar\u0131\u015f\u0131ml\u0131 madde zehirlenmesine neden olmaktad\u0131r.\u00a0<\/span><\/p>\n<p><span style=\"font-weight: 400;\">Baz\u0131 g\u00fcller ve bitkiler ise ku\u015flar taraf\u0131ndan yenildi\u011fi zaman direkt olarak telef olmalar\u0131na neden olmaktad\u0131r. Difenbahya \u00e7i\u00e7e\u011fi, pitos \u00e7i\u00e7e\u011fi vb.. Ku\u015flar i\u00e7in \u00f6l\u00fcmc\u00fcl olmaktad\u0131r.\u00a0 <\/span><span style=\"font-weight: 400;\">Genel olarak ku\u015flar i\u00e7in meyve verilmesi tavsiye edilmektedir ama baz\u0131 meyveler ku\u015flar i\u00e7in son derece tehlikeli olmaktad\u0131rlar. Ve bu y\u00fczden dikkatli olmak gerekmektedir. \u00d6rnek olarak avokado evcil ku\u015flar i\u00e7in \u00f6l\u00fcmc\u00fcl bir meyve olmaktad\u0131r. Veya elma \u00e7ekirde\u011fi ise ayn\u0131 \u015fekilde ku\u015flar i\u00e7in tehlikeli olmaktad\u0131r.\u00a0<\/span><\/p>\n<h4><span style=\"color: #ff6600; font-size: 18pt;\"><strong>Susuzluk :<\/strong><\/span><\/h4>\n<p><span style=\"font-weight: 400;\">Ku\u015flar\u0131n telef olmas\u0131na neden olan di\u011fer sebeplerden ku\u015flar\u0131n uzun s\u00fcre susuz kalmas\u0131 olmaktad\u0131r. A\u015f\u0131r\u0131 susamak insan\u0131 bile t\u00fcketebilir. Bu y\u00fczden ku\u015flar\u0131n her zaman, sular\u0131n\u0131 kontrol etmeniz gerekmektedir.\u00a0 <\/span><span style=\"font-weight: 400;\">Belki d\u00fc\u015f\u00fcn\u00fcrs\u00fcn\u00fcz ku\u015fun kafesinde her zaman su bulunmaktad\u0131r, nas\u0131l olur da su olmas\u0131na ra\u011fmen ku\u015f susuzluktan telef olur ?<\/span><\/p>\n<p><span style=\"font-weight: 400;\">Her g\u00fcn ku\u015funuzun sulu\u011funu kontrol ediyor musunuz? Yoksa sadece su t\u00fckenmek \u00fczere oldu\u011fu zaman suyunu yeniliyorsunuz ? belki sulukta bir sorun vard\u0131r. Ve sizin bundan haberiniz yok. Belki sulukta bulunan boru t\u0131kanm\u0131\u015ft\u0131r ve ku\u015fun su i\u00e7mesi m\u00fcmk\u00fcn de\u011fildir ? <\/span><span style=\"font-weight: 400;\">Bu t\u00fcr sorunlar bir anda ku\u015fun telef olmas\u0131na neden olabilir ve e\u011fer dikkatli olmazsan\u0131z, bir anda zavall\u0131 ku\u015fun telef oldu\u011funa \u015fahit olabilirsiniz.<\/span><\/p>\n<div class=\"alert alert-info\" role=\"alert\">\ud83d\udc41\u200d\ud83d\udde8<strong> NOT :<\/strong> Jako papa\u011fanlar\u0131n baz\u0131 davran\u0131\u015flar\u0131 sahiplerini olduk\u00e7a rahats\u0131z edebilir. ve en \u00e7ok \u015fikayet edilen davran\u0131\u015f ise \u00e7\u0131\u011fl\u0131k atmalar\u0131 olmaktad\u0131r.\ud83d\udc49<a href=\"https:\/\/altin-kulucka.com\/blog\/jako-papaganlarin-ciglik-atmasi\/\"><strong> jako papa\u011fanlar\u0131n \u00e7\u0131\u011fl\u0131k atmas\u0131<\/strong><\/a> ve ba\u011f\u0131rmas\u0131na neden olan fakt\u00f6rler uzmanlar\u0131m\u0131z taraf\u0131ndan payla\u015f\u0131lmaktad\u0131r.<\/div>\n<h3><span style=\"font-size: 18pt; color: #ff6600;\"><strong>Stres ve y\u0131rt\u0131c\u0131 hayvanlar\u0131n kokusu :<\/strong><\/span><\/h3>\n<p><span style=\"font-weight: 400;\">Ku\u015flar\u0131n ani olarak \u00f6l\u00fcm\u00fcne yol a\u00e7an bir di\u011fer mesele stres ve korku olmaktad\u0131r. E\u011fer evcil ku\u015funuz ile beraber, kedi veya k\u00f6pe\u011finiz varsa, onlar\u0131 yaln\u0131z koymaman\u0131z gerekmektedir. Hayvanlar\u0131n\u0131z ne kadar evcille\u015fmi\u015f olsalarda i\u00e7g\u00fcd\u00fcsel olarak baz\u0131 huylar\u0131 kal\u0131c\u0131 olmaktad\u0131r. Ve bu y\u00fczden ku\u015funuz kedi veya k\u00f6pek taraf\u0131ndan sald\u0131r\u0131ya u\u011framas\u0131 m\u00fcmk\u00fcn olmaktad\u0131r.\u00a0<\/span><\/p>\n<p><img loading=\"lazy\" decoding=\"async\" class=\"size-full wp-image-7543 aligncenter\" src=\"https:\/\/altin-kulucka.com\/wp-content\/uploads\/2021\/06\/Stres-ve-yirtici-hayvanlarin-kokusu.jpg\" alt=\"Stres ve y\u0131rt\u0131c\u0131 hayvanlar\u0131n kokusu\" width=\"600\" height=\"400\" srcset=\"https:\/\/altin-kulucka.com\/blog\/wp-content\/uploads\/2021\/06\/Stres-ve-yirtici-hayvanlarin-kokusu.jpg 600w, https:\/\/altin-kulucka.com\/blog\/wp-content\/uploads\/2021\/06\/Stres-ve-yirtici-hayvanlarin-kokusu-300x200.jpg 300w, https:\/\/altin-kulucka.com\/blog\/wp-content\/uploads\/2021\/06\/Stres-ve-yirtici-hayvanlarin-kokusu-370x247.jpg 370w\" sizes=\"auto, (max-width: 600px) 100vw, 600px\" \/><\/p>\n<p><span style=\"font-weight: 400;\">Bu y\u00fczden ku\u015funuz bu hayvanlar taraf\u0131ndan yakalanamaz ise bile, stres ve korkudan telef olmas\u0131 ka\u00e7\u0131n\u0131lmaz olmaktad\u0131r.\u00a0<\/span><\/p>\n<h4><span style=\"font-size: 18pt; color: #ff6600;\"><strong>Ku\u015flar\u0131m\u0131z bir anda \u00f6lmeden \u00f6nce al\u0131nmas\u0131 gereken \u00f6nlemler :<\/strong><\/span><\/h4>\n<p><span style=\"font-weight: 400;\">E\u011fer ilk kez olarak bir ku\u015f al\u0131yorsan\u0131z eve gitmeden bir veterinere g\u00f6t\u00fcrmeniz tavsiye edilmektedir. \u00c7\u00fcnk\u00fc baz\u0131 ku\u015flarda vir\u00fcsler olabilir. Ve sadece uzman bir veteriner bu hastal\u0131klar\u0131 te\u015fhis edebilir.\u00a0 <\/span><span style=\"font-weight: 400;\">\u00c7\u00fcnk\u00fc e\u011fer yeni ku\u015fta hastal\u0131k varsa di\u011fer ku\u015flar i\u00e7in ise tehlikeli olmaktad\u0131r. \u00c7\u00fcnk\u00fc baz\u0131 vir\u00fcsler ve hastal\u0131k etkenleri uzun zamana kadar kal\u0131c\u0131 olabilirler.\u00a0<\/span><\/p>\n<p><span style=\"font-weight: 400;\">Ama e\u011fer s\u00fcs ku\u015flar\u0131 yolu ile para kazanmak isterseniz, koloniye yeni eklemek istedi\u011finiz ku\u015flar\u0131 1 aya kadar ayr\u0131 kafeslerde tutman\u0131z sa\u011fl\u0131klar\u0131n\u0131 kontrol etmeniz gerekmektedir.\u00a0 <\/span><span style=\"font-weight: 400;\">Genel olarak ku\u015flar\u0131n sa\u011fl\u0131\u011f\u0131n\u0131 d\u0131\u015fk\u0131lar\u0131ndan incelemek m\u00fcmk\u00fcn olmaktad\u0131r. D\u0131\u015fk\u0131 rengi ile ku\u015fun sa\u011fl\u0131\u011f\u0131n\u0131n ne durumda oldu\u011funu ve bazen hastal\u0131\u011f\u0131n\u0131n ne oldu\u011funu tahmin etmek m\u00fcmk\u00fcn olmaktad\u0131r.\u00a0<\/span><\/p>\n<h5><span style=\"font-size: 18pt; color: #ff6600;\"><strong>Sonu\u00e7 :<\/strong><\/span><\/h5>\n<p><span style=\"font-weight: 400;\">Her zaman vurgulayarak s\u00f6yledi\u011fimiz gibi, evcil ku\u015flar son derece hassas canl\u0131lar olmaktad\u0131rlar. \u00d6zelliklede kanaryalar, di\u011fer s\u00fcs ku\u015flar\u0131na g\u00f6re en hassas ku\u015flar olmaktad\u0131rlar. Bu y\u00fczden uzmanlar taraf\u0131ndan payla\u015f\u0131lan uyar\u0131lar\u0131 dikkate alman\u0131z gerekmektedir.\u00a0<\/span><\/p>\n","protected":false},"excerpt":{"rendered":"<p>Ku\u015flar\u0131n ani telef olma nedenleri : Ku\u015flar son derece hassas canl\u0131lar olmaktad\u0131r ve e\u011fer onlar i\u00e7in uygun ko\u015fullar sa\u011flanmaz ise k\u0131sa s\u00fcrede hasta olup ve telef olmalar\u0131 m\u00fcmk\u00fcn olmaktad\u0131r. E\u011fer ku\u015flar\u0131n\u0131z\u0131n ani olarak telef olmalar\u0131 ile alakal\u0131 akl\u0131n\u0131zda sorular varsa, bu yaz\u0131m\u0131z okuman\u0131z\u0131 tavsiye ederiz.\u00a0 B\u00f6ylece ku\u015flar\u0131n\u0131z\u0131 tehdit eden tehlikeler hakk\u0131nda bilgiye sahip olabilirsiniz. Ve &hellip;<\/p>\n","protected":false},"author":1,"featured_media":7541,"comment_status":"open","ping_status":"open","sticky":false,"template":"","format":"standard","meta":{"footnotes":""},"categories":[1],"tags":[],"class_list":["post-7538","post","type-post","status-publish","format-standard","has-post-thumbnail","hentry","category-kulucka-rehberi"],"_links":{"self":[{"href":"https:\/\/altin-kulucka.com\/blog\/wp-json\/wp\/v2\/posts\/7538","targetHints":{"allow":["GET"]}}],"collection":[{"href":"https:\/\/altin-kulucka.com\/blog\/wp-json\/wp\/v2\/posts"}],"about":[{"href":"https:\/\/altin-kulucka.com\/blog\/wp-json\/wp\/v2\/types\/post"}],"author":[{"embeddable":true,"href":"https:\/\/altin-kulucka.com\/blog\/wp-json\/wp\/v2\/users\/1"}],"replies":[{"embeddable":true,"href":"https:\/\/altin-kulucka.com\/blog\/wp-json\/wp\/v2\/comments?post=7538"}],"version-history":[{"count":5,"href":"https:\/\/altin-kulucka.com\/blog\/wp-json\/wp\/v2\/posts\/7538\/revisions"}],"predecessor-version":[{"id":15395,"href":"https:\/\/altin-kulucka.com\/blog\/wp-json\/wp\/v2\/posts\/7538\/revisions\/15395"}],"wp:featuredmedia":[{"embeddable":true,"href":"https:\/\/altin-kulucka.com\/blog\/wp-json\/wp\/v2\/media\/7541"}],"wp:attachment":[{"href":"https:\/\/altin-kulucka.com\/blog\/wp-json\/wp\/v2\/media?parent=7538"}],"wp:term":[{"taxonomy":"category","embeddable":true,"href":"https:\/\/altin-kulucka.com\/blog\/wp-json\/wp\/v2\/categories?post=7538"},{"taxonomy":"post_tag","embeddable":true,"href":"https:\/\/altin-kulucka.com\/blog\/wp-json\/wp\/v2\/tags?post=7538"}],"curies":[{"name":"wp","href":"https:\/\/api.w.org\/{rel}","templated":true}]}}